{"id":11029,"date":"2026-09-04T13:04:37","date_gmt":"2026-09-04T19:04:37","guid":{"rendered":"https:\/\/uvp.mx\/uvpblog\/?p=11029"},"modified":"2026-09-04T14:14:32","modified_gmt":"2026-09-04T20:14:32","slug":"lider-del-mes-jorge-vargas-perez-nutricion-uvp","status":"publish","type":"post","link":"https:\/\/uvp.mx\/uvpblog\/lider-del-mes-jorge-vargas-perez-nutricion-uvp\/","title":{"rendered":"Jorge Vargas P\u00e9rez: egresado de Nutrici\u00f3n UVP y L\u00edder del Mes"},"content":{"rendered":"<p class=\"PDq2pG_selectionAnchorContainer\" data-start=\"879\" data-end=\"1177\"><strong data-start=\"879\" data-end=\"1139\">Jorge Vargas P\u00e9rez es egresado de la Licenciatura en Nutrici\u00f3n de la Universidad del Valle de Puebla (UVP), generaci\u00f3n 2017\u20132021. Actualmente se desempe\u00f1a como nutri\u00f3logo y docente en Puebla, combinando la consulta privada con su labor acad\u00e9mica en la UVP.<\/strong><\/p>\n<p data-start=\"1179\" data-end=\"1371\">Como parte de <strong data-start=\"1193\" data-end=\"1214\">L\u00edder del Mes UVP<\/strong>, conocemos una trayectoria marcada por la preparaci\u00f3n profesional, la resiliencia y una vocaci\u00f3n enfocada en ayudar a las personas a trav\u00e9s de la nutrici\u00f3n.<\/p>\n<h2 data-section-id=\"1swjz8o\" data-start=\"1373\" data-end=\"1405\"><span style=\"color: #993366;\">\u00bfQui\u00e9n es Jorge Vargas P\u00e9rez?<\/span><\/h2>\n<p data-start=\"1407\" data-end=\"1644\">Jorge Vargas P\u00e9rez es un <strong data-start=\"1432\" data-end=\"1461\">egresado de <span style=\"color: #993366;\"><a style=\"color: #993366;\" href=\"https:\/\/www.uvp.mx\/nutricion\">Nutrici\u00f3n UVP<\/a><\/span><\/strong> que actualmente ejerce como nutri\u00f3logo y docente. Su trabajo profesional combina la atenci\u00f3n en consulta privada con la ense\u00f1anza universitaria.<\/p>\n<p data-start=\"1646\" data-end=\"1794\">A lo largo de su trayectoria, ha buscado ampliar el alcance de su profesi\u00f3n y continuar fortaleciendo sus conocimientos para atender a m\u00e1s personas.<\/p>\n<h2 data-section-id=\"1r56vlr\" data-start=\"1796\" data-end=\"1847\"><span style=\"color: #993366;\">La nutrici\u00f3n como una forma de transformar vidas<\/span><\/h2>\n<p data-start=\"1849\" data-end=\"1994\">Para Jorge, uno de los aspectos que mayor satisfacci\u00f3n le genera de su profesi\u00f3n es la posibilidad de ayudar a las personas desde su consultorio.<\/p>\n<p data-start=\"1996\" data-end=\"2366\">Adem\u00e1s de la atenci\u00f3n presencial, las consultas en l\u00ednea le han permitido acompa\u00f1ar a personas que se encuentran en diferentes ciudades y estados, ampliando el alcance de su trabajo m\u00e1s all\u00e1 de Puebla. Su objetivo es continuar expandiendo esta red y contribuir, desde la nutrici\u00f3n, a mejorar la salud de un mayor n\u00famero de personas.<\/p>\n<h2 data-section-id=\"1mmd1bg\" data-start=\"2368\" data-end=\"2412\"><span style=\"color: #993366;\">Su especializaci\u00f3n en Nutrici\u00f3n Deportiva<\/span><\/h2>\n<p data-start=\"2414\" data-end=\"2598\">Uno de los momentos importantes en la trayectoria profesional de <strong data-start=\"2479\" data-end=\"2501\">Jorge Vargas P\u00e9rez<\/strong> ha sido continuar con su preparaci\u00f3n acad\u00e9mica mediante una <strong data-start=\"2562\" data-end=\"2597\">maestr\u00eda en Nutrici\u00f3n Deportiva<\/strong>.<\/p>\n<p data-start=\"2600\" data-end=\"2781\">Esta especializaci\u00f3n le permiti\u00f3 fortalecer sus conocimientos y abrir nuevas oportunidades para ejercer su profesi\u00f3n desde diferentes espacios.<\/p>\n<p data-start=\"2783\" data-end=\"3069\">Su crecimiento profesional tambi\u00e9n estuvo acompa\u00f1ado de un proceso personal de adaptaci\u00f3n a una nueva ciudad y de la construcci\u00f3n de una vida independiente, enfrentando nuevos retos y aprovechando las oportunidades que surgieron durante esta etapa.<\/p>\n<h2 data-section-id=\"1770gc0\" data-start=\"3071\" data-end=\"3122\"><span style=\"color: #993366;\">Resiliencia: un valor presente en su trayectoria<\/span><\/h2>\n<p data-start=\"3124\" data-end=\"3233\">Para Jorge, la <strong data-start=\"3139\" data-end=\"3154\">resiliencia<\/strong> es uno de los valores que han marcado tanto su vida personal como profesional.<\/p>\n<p data-start=\"3235\" data-end=\"3502\">Despu\u00e9s de regresar a Puebla y comenzar pr\u00e1cticamente desde cero tras una cat\u00e1strofe natural, comprendi\u00f3 que los planes pueden cambiar de manera inesperada, pero tambi\u00e9n que siempre existe la posibilidad de reconstruir el camino.<\/p>\n<p data-start=\"3504\" data-end=\"3748\">En su desarrollo profesional, este valor se refleja en su capacidad para adaptarse a nuevos escenarios, enfrentar los desaf\u00edos y continuar trabajando por sus objetivos con esfuerzo, constancia y dedicaci\u00f3n.<\/p>\n<h2 data-section-id=\"96gpv\" data-start=\"3750\" data-end=\"3799\"><span style=\"color: #993366;\">\u00bfC\u00f3mo influy\u00f3 UVP en su formaci\u00f3n profesional?<\/span><\/h2>\n<p data-start=\"3801\" data-end=\"3921\">La <strong data-start=\"3804\" data-end=\"3839\">Universidad del Valle de Puebla<\/strong> represent\u00f3 para Jorge uno de los puntos de partida de su trayectoria profesional.<\/p>\n<p data-start=\"3923\" data-end=\"4237\">Durante su formaci\u00f3n universitaria obtuvo bases y herramientas que posteriormente le permitieron comenzar a desarrollarse dentro del campo de la nutrici\u00f3n. Tambi\u00e9n reconoce las experiencias y ense\u00f1anzas adquiridas durante esta etapa como elementos importantes de su formaci\u00f3n.<\/p>\n<p data-start=\"4239\" data-end=\"4528\">El acompa\u00f1amiento recibido durante su paso por la universidad tambi\u00e9n contribuy\u00f3 a que identificara el camino que quer\u00eda construir profesionalmente, encontrando en la nutrici\u00f3n una forma de combinar sus intereses, conocimientos y vocaci\u00f3n de servicio.<\/p>\n<h2 data-section-id=\"kty45k\" data-start=\"4530\" data-end=\"4558\"><span style=\"color: #993366;\">De egresado UVP a docente<\/span><\/h2>\n<p data-start=\"4560\" data-end=\"4772\">Actualmente, Jorge mantiene un v\u00ednculo con su Alma Mater desde una nueva perspectiva: adem\u00e1s de ser <strong data-start=\"4660\" data-end=\"4689\">egresado de Nutrici\u00f3n UVP<\/strong>, forma parte de la instituci\u00f3n como docente.<\/p>\n<p data-start=\"4774\" data-end=\"4968\">Su historia refleja c\u00f3mo la formaci\u00f3n universitaria puede convertirse en el inicio de un camino que contin\u00faa evolucionando a trav\u00e9s de la especializaci\u00f3n, la pr\u00e1ctica profesional y la ense\u00f1anza.<\/p>\n<h2 data-section-id=\"1sjkbrj\" data-start=\"4970\" data-end=\"5010\"><span style=\"color: #993366;\">Jorge Vargas P\u00e9rez, L\u00edder del Mes UVP<\/span><\/h2>\n<p data-start=\"5012\" data-end=\"5246\">En el marco del 45 aniversario de la Universidad del Valle de Puebla, Jorge tambi\u00e9n reconoce el crecimiento de la instituci\u00f3n y expresa su deseo de que contin\u00fae fortaleci\u00e9ndose como universidad.<\/p>\n<p data-start=\"5248\" data-end=\"5370\">Su trayectoria re\u00fane tres elementos que han acompa\u00f1ado su desarrollo: <strong data-start=\"5318\" data-end=\"5369\">preparaci\u00f3n, resiliencia y vocaci\u00f3n de servicio<\/strong>.<\/p>\n<p data-start=\"5372\" data-end=\"5535\"><span style=\"color: #993366;\"><strong data-start=\"5372\" data-end=\"5535\">Conoce la historia completa de Jorge Vargas P\u00e9rez en nuestro video de L\u00edder del Mes UVP y descubre el camino que ha construido desde su formaci\u00f3n en Nutrici\u00f3n.<\/strong><\/span><\/p>\n","protected":false},"excerpt":{"rendered":"<p>Jorge Vargas P\u00e9rez es egresado de la Licenciatura en Nutrici\u00f3n de la Universidad del Valle de Puebla (UVP), generaci\u00f3n 2017\u20132021. Actualmente se desempe\u00f1a como nutri\u00f3logo y docente en Puebla, combinando la consulta privada con su labor acad\u00e9mica en la UVP. Como parte de L\u00edder del Mes UVP, conocemos una trayectoria marcada por la preparaci\u00f3n profesional, [&hellip;]<\/p>\n","protected":false},"author":13,"featured_media":11030,"comment_status":"closed","ping_status":"closed","sticky":false,"template":"","format":"standard","meta":[],"categories":[4],"tags":[],"yoast_head":"<!-- This site is optimized with the Yoast SEO plugin v20.0 - https:\/\/yoast.com\/wordpress\/plugins\/seo\/ -->\n<title>Jorge Vargas P\u00e9rez: egresado de Nutrici\u00f3n UVP y L\u00edder del Mes | Blog UVP<\/title>\n<meta name=\"description\" content=\"Conoce a Jorge Vargas P\u00e9rez, egresado de Nutrici\u00f3n UVP, nutri\u00f3logo y docente que ha construido su trayectoria con resiliencia, preparaci\u00f3n y vocaci\u00f3n de servicio.\" \/>\n<meta name=\"robots\" content=\"index, follow, max-snippet:-1, max-image-preview:large, max-video-preview:-1\" \/>\n<link rel=\"canonical\" href=\"https:\/\/uvp.mx\/uvpblog\/lider-del-mes-jorge-vargas-perez-nutricion-uvp\/\" \/>\n<meta property=\"og:locale\" content=\"es_MX\" \/>\n<meta property=\"og:type\" content=\"article\" \/>\n<meta property=\"og:title\" content=\"Jorge Vargas P\u00e9rez: egresado de Nutrici\u00f3n UVP y L\u00edder del Mes | Blog UVP\" \/>\n<meta property=\"og:description\" content=\"Conoce a Jorge Vargas P\u00e9rez, egresado de Nutrici\u00f3n UVP, nutri\u00f3logo y docente que ha construido su trayectoria con resiliencia, preparaci\u00f3n y vocaci\u00f3n de servicio.\" \/>\n<meta property=\"og:url\" content=\"https:\/\/uvp.mx\/uvpblog\/lider-del-mes-jorge-vargas-perez-nutricion-uvp\/\" \/>\n<meta property=\"og:site_name\" content=\"Blog UVP\" \/>\n<meta property=\"article:publisher\" content=\"https:\/\/www.facebook.com\/uvp.pue\/\" \/>\n<meta property=\"article:published_time\" content=\"2026-09-04T19:04:37+00:00\" \/>\n<meta property=\"article:modified_time\" content=\"2026-09-04T20:14:32+00:00\" \/>\n<meta property=\"og:image\" content=\"https:\/\/uvp.mx\/uvpblog\/wp-content\/uploads\/2026\/09\/ChatGPT-Image-4-sept-2026-12_51_16menospeso.png\" \/>\n\t<meta property=\"og:image:width\" content=\"980\" \/>\n\t<meta property=\"og:image:height\" content=\"552\" \/>\n\t<meta property=\"og:image:type\" content=\"image\/png\" \/>\n<meta name=\"author\" content=\"Redes Sociales 3\" \/>\n<meta name=\"twitter:card\" content=\"summary_large_image\" \/>\n<meta name=\"twitter:creator\" content=\"@UVP_Puebla\" \/>\n<meta name=\"twitter:site\" content=\"@UVP_Puebla\" \/>\n<meta name=\"twitter:label1\" content=\"Escrito por\" \/>\n\t<meta name=\"twitter:data1\" content=\"Redes Sociales 3\" \/>\n\t<meta name=\"twitter:label2\" content=\"Tiempo de lectura\" \/>\n\t<meta name=\"twitter:data2\" content=\"3 minutos\" \/>\n<script type=\"application\/ld+json\" class=\"yoast-schema-graph\">{\"@context\":\"https:\/\/schema.org\",\"@graph\":[{\"@type\":\"Article\",\"@id\":\"https:\/\/uvp.mx\/uvpblog\/lider-del-mes-jorge-vargas-perez-nutricion-uvp\/#article\",\"isPartOf\":{\"@id\":\"https:\/\/uvp.mx\/uvpblog\/lider-del-mes-jorge-vargas-perez-nutricion-uvp\/\"},\"author\":{\"name\":\"Redes Sociales 3\",\"@id\":\"https:\/\/uvp.mx\/uvpblog\/#\/schema\/person\/3b5422f00f15086950c67ebafeb4bba6\"},\"headline\":\"Jorge Vargas P\u00e9rez: egresado de Nutrici\u00f3n UVP y L\u00edder del Mes\",\"datePublished\":\"2026-09-04T19:04:37+00:00\",\"dateModified\":\"2026-09-04T20:14:32+00:00\",\"mainEntityOfPage\":{\"@id\":\"https:\/\/uvp.mx\/uvpblog\/lider-del-mes-jorge-vargas-perez-nutricion-uvp\/\"},\"wordCount\":730,\"publisher\":{\"@id\":\"https:\/\/uvp.mx\/uvpblog\/#organization\"},\"articleSection\":[\"Egresados\"],\"inLanguage\":\"es-MX\"},{\"@type\":\"WebPage\",\"@id\":\"https:\/\/uvp.mx\/uvpblog\/lider-del-mes-jorge-vargas-perez-nutricion-uvp\/\",\"url\":\"https:\/\/uvp.mx\/uvpblog\/lider-del-mes-jorge-vargas-perez-nutricion-uvp\/\",\"name\":\"Jorge Vargas P\u00e9rez: egresado de Nutrici\u00f3n UVP y L\u00edder del Mes | Blog UVP\",\"isPartOf\":{\"@id\":\"https:\/\/uvp.mx\/uvpblog\/#website\"},\"datePublished\":\"2026-09-04T19:04:37+00:00\",\"dateModified\":\"2026-09-04T20:14:32+00:00\",\"description\":\"Conoce a Jorge Vargas P\u00e9rez, egresado de Nutrici\u00f3n UVP, nutri\u00f3logo y docente que ha construido su trayectoria con resiliencia, preparaci\u00f3n y vocaci\u00f3n de servicio.\",\"breadcrumb\":{\"@id\":\"https:\/\/uvp.mx\/uvpblog\/lider-del-mes-jorge-vargas-perez-nutricion-uvp\/#breadcrumb\"},\"inLanguage\":\"es-MX\",\"potentialAction\":[{\"@type\":\"ReadAction\",\"target\":[\"https:\/\/uvp.mx\/uvpblog\/lider-del-mes-jorge-vargas-perez-nutricion-uvp\/\"]}]},{\"@type\":\"BreadcrumbList\",\"@id\":\"https:\/\/uvp.mx\/uvpblog\/lider-del-mes-jorge-vargas-perez-nutricion-uvp\/#breadcrumb\",\"itemListElement\":[{\"@type\":\"ListItem\",\"position\":1,\"name\":\"Home\",\"item\":\"https:\/\/uvp.mx\/uvpblog\/\"},{\"@type\":\"ListItem\",\"position\":2,\"name\":\"Jorge Vargas P\u00e9rez: egresado de Nutrici\u00f3n UVP y L\u00edder del Mes\"}]},{\"@type\":\"WebSite\",\"@id\":\"https:\/\/uvp.mx\/uvpblog\/#website\",\"url\":\"https:\/\/uvp.mx\/uvpblog\/\",\"name\":\"Blog UVP\",\"description\":\"Blog Institucional de la UVP\",\"publisher\":{\"@id\":\"https:\/\/uvp.mx\/uvpblog\/#organization\"},\"potentialAction\":[{\"@type\":\"SearchAction\",\"target\":{\"@type\":\"EntryPoint\",\"urlTemplate\":\"https:\/\/uvp.mx\/uvpblog\/?s={search_term_string}\"},\"query-input\":\"required name=search_term_string\"}],\"inLanguage\":\"es-MX\"},{\"@type\":\"Organization\",\"@id\":\"https:\/\/uvp.mx\/uvpblog\/#organization\",\"name\":\"Blog UVP\",\"url\":\"https:\/\/uvp.mx\/uvpblog\/\",\"logo\":{\"@type\":\"ImageObject\",\"inLanguage\":\"es-MX\",\"@id\":\"https:\/\/uvp.mx\/uvpblog\/#\/schema\/logo\/image\/\",\"url\":\"https:\/\/uvp.mx\/uvpblog\/wp-content\/uploads\/2019\/06\/fondo.jpg\",\"contentUrl\":\"https:\/\/uvp.mx\/uvpblog\/wp-content\/uploads\/2019\/06\/fondo.jpg\",\"width\":1366,\"height\":745,\"caption\":\"Blog UVP\"},\"image\":{\"@id\":\"https:\/\/uvp.mx\/uvpblog\/#\/schema\/logo\/image\/\"},\"sameAs\":[\"https:\/\/www.instagram.com\/uvp_puebla\/\",\"https:\/\/www.youtube.com\/WEBUVP\",\"https:\/\/es.wikipedia.org\/wiki\/Universidad_del_Valle_de_Puebla\",\"https:\/\/www.facebook.com\/uvp.pue\/\",\"https:\/\/twitter.com\/UVP_Puebla\"]},{\"@type\":\"Person\",\"@id\":\"https:\/\/uvp.mx\/uvpblog\/#\/schema\/person\/3b5422f00f15086950c67ebafeb4bba6\",\"name\":\"Redes Sociales 3\",\"image\":{\"@type\":\"ImageObject\",\"inLanguage\":\"es-MX\",\"@id\":\"https:\/\/uvp.mx\/uvpblog\/#\/schema\/person\/image\/\",\"url\":\"https:\/\/secure.gravatar.com\/avatar\/ce188e24f938447d816ca20ffaa89717?s=96&d=mm&r=g\",\"contentUrl\":\"https:\/\/secure.gravatar.com\/avatar\/ce188e24f938447d816ca20ffaa89717?s=96&d=mm&r=g\",\"caption\":\"Redes Sociales 3\"}}]}<\/script>\n<!-- \/ Yoast SEO plugin. -->","yoast_head_json":{"title":"Jorge Vargas P\u00e9rez: egresado de Nutrici\u00f3n UVP y L\u00edder del Mes | Blog UVP","description":"Conoce a Jorge Vargas P\u00e9rez, egresado de Nutrici\u00f3n UVP, nutri\u00f3logo y docente que ha construido su trayectoria con resiliencia, preparaci\u00f3n y vocaci\u00f3n de servicio.","robots":{"index":"index","follow":"follow","max-snippet":"max-snippet:-1","max-image-preview":"max-image-preview:large","max-video-preview":"max-video-preview:-1"},"canonical":"https:\/\/uvp.mx\/uvpblog\/lider-del-mes-jorge-vargas-perez-nutricion-uvp\/","og_locale":"es_MX","og_type":"article","og_title":"Jorge Vargas P\u00e9rez: egresado de Nutrici\u00f3n UVP y L\u00edder del Mes | Blog UVP","og_description":"Conoce a Jorge Vargas P\u00e9rez, egresado de Nutrici\u00f3n UVP, nutri\u00f3logo y docente que ha construido su trayectoria con resiliencia, preparaci\u00f3n y vocaci\u00f3n de servicio.","og_url":"https:\/\/uvp.mx\/uvpblog\/lider-del-mes-jorge-vargas-perez-nutricion-uvp\/","og_site_name":"Blog UVP","article_publisher":"https:\/\/www.facebook.com\/uvp.pue\/","article_published_time":"2026-09-04T19:04:37+00:00","article_modified_time":"2026-09-04T20:14:32+00:00","og_image":[{"width":980,"height":552,"url":"https:\/\/uvp.mx\/uvpblog\/wp-content\/uploads\/2026\/09\/ChatGPT-Image-4-sept-2026-12_51_16menospeso.png","type":"image\/png"}],"author":"Redes Sociales 3","twitter_card":"summary_large_image","twitter_creator":"@UVP_Puebla","twitter_site":"@UVP_Puebla","twitter_misc":{"Escrito por":"Redes Sociales 3","Tiempo de lectura":"3 minutos"},"schema":{"@context":"https:\/\/schema.org","@graph":[{"@type":"Article","@id":"https:\/\/uvp.mx\/uvpblog\/lider-del-mes-jorge-vargas-perez-nutricion-uvp\/#article","isPartOf":{"@id":"https:\/\/uvp.mx\/uvpblog\/lider-del-mes-jorge-vargas-perez-nutricion-uvp\/"},"author":{"name":"Redes Sociales 3","@id":"https:\/\/uvp.mx\/uvpblog\/#\/schema\/person\/3b5422f00f15086950c67ebafeb4bba6"},"headline":"Jorge Vargas P\u00e9rez: egresado de Nutrici\u00f3n UVP y L\u00edder del Mes","datePublished":"2026-09-04T19:04:37+00:00","dateModified":"2026-09-04T20:14:32+00:00","mainEntityOfPage":{"@id":"https:\/\/uvp.mx\/uvpblog\/lider-del-mes-jorge-vargas-perez-nutricion-uvp\/"},"wordCount":730,"publisher":{"@id":"https:\/\/uvp.mx\/uvpblog\/#organization"},"articleSection":["Egresados"],"inLanguage":"es-MX"},{"@type":"WebPage","@id":"https:\/\/uvp.mx\/uvpblog\/lider-del-mes-jorge-vargas-perez-nutricion-uvp\/","url":"https:\/\/uvp.mx\/uvpblog\/lider-del-mes-jorge-vargas-perez-nutricion-uvp\/","name":"Jorge Vargas P\u00e9rez: egresado de Nutrici\u00f3n UVP y L\u00edder del Mes | Blog UVP","isPartOf":{"@id":"https:\/\/uvp.mx\/uvpblog\/#website"},"datePublished":"2026-09-04T19:04:37+00:00","dateModified":"2026-09-04T20:14:32+00:00","description":"Conoce a Jorge Vargas P\u00e9rez, egresado de Nutrici\u00f3n UVP, nutri\u00f3logo y docente que ha construido su trayectoria con resiliencia, preparaci\u00f3n y vocaci\u00f3n de servicio.","breadcrumb":{"@id":"https:\/\/uvp.mx\/uvpblog\/lider-del-mes-jorge-vargas-perez-nutricion-uvp\/#breadcrumb"},"inLanguage":"es-MX","potentialAction":[{"@type":"ReadAction","target":["https:\/\/uvp.mx\/uvpblog\/lider-del-mes-jorge-vargas-perez-nutricion-uvp\/"]}]},{"@type":"BreadcrumbList","@id":"https:\/\/uvp.mx\/uvpblog\/lider-del-mes-jorge-vargas-perez-nutricion-uvp\/#breadcrumb","itemListElement":[{"@type":"ListItem","position":1,"name":"Home","item":"https:\/\/uvp.mx\/uvpblog\/"},{"@type":"ListItem","position":2,"name":"Jorge Vargas P\u00e9rez: egresado de Nutrici\u00f3n UVP y L\u00edder del Mes"}]},{"@type":"WebSite","@id":"https:\/\/uvp.mx\/uvpblog\/#website","url":"https:\/\/uvp.mx\/uvpblog\/","name":"Blog UVP","description":"Blog Institucional de la UVP","publisher":{"@id":"https:\/\/uvp.mx\/uvpblog\/#organization"},"potentialAction":[{"@type":"SearchAction","target":{"@type":"EntryPoint","urlTemplate":"https:\/\/uvp.mx\/uvpblog\/?s={search_term_string}"},"query-input":"required name=search_term_string"}],"inLanguage":"es-MX"},{"@type":"Organization","@id":"https:\/\/uvp.mx\/uvpblog\/#organization","name":"Blog UVP","url":"https:\/\/uvp.mx\/uvpblog\/","logo":{"@type":"ImageObject","inLanguage":"es-MX","@id":"https:\/\/uvp.mx\/uvpblog\/#\/schema\/logo\/image\/","url":"https:\/\/uvp.mx\/uvpblog\/wp-content\/uploads\/2019\/06\/fondo.jpg","contentUrl":"https:\/\/uvp.mx\/uvpblog\/wp-content\/uploads\/2019\/06\/fondo.jpg","width":1366,"height":745,"caption":"Blog UVP"},"image":{"@id":"https:\/\/uvp.mx\/uvpblog\/#\/schema\/logo\/image\/"},"sameAs":["https:\/\/www.instagram.com\/uvp_puebla\/","https:\/\/www.youtube.com\/WEBUVP","https:\/\/es.wikipedia.org\/wiki\/Universidad_del_Valle_de_Puebla","https:\/\/www.facebook.com\/uvp.pue\/","https:\/\/twitter.com\/UVP_Puebla"]},{"@type":"Person","@id":"https:\/\/uvp.mx\/uvpblog\/#\/schema\/person\/3b5422f00f15086950c67ebafeb4bba6","name":"Redes Sociales 3","image":{"@type":"ImageObject","inLanguage":"es-MX","@id":"https:\/\/uvp.mx\/uvpblog\/#\/schema\/person\/image\/","url":"https:\/\/secure.gravatar.com\/avatar\/ce188e24f938447d816ca20ffaa89717?s=96&d=mm&r=g","contentUrl":"https:\/\/secure.gravatar.com\/avatar\/ce188e24f938447d816ca20ffaa89717?s=96&d=mm&r=g","caption":"Redes Sociales 3"}}]}},"_links":{"self":[{"href":"https:\/\/uvp.mx\/uvpblog\/wp-json\/wp\/v2\/posts\/11029"}],"collection":[{"href":"https:\/\/uvp.mx\/uvpblog\/wp-json\/wp\/v2\/posts"}],"about":[{"href":"https:\/\/uvp.mx\/uvpblog\/wp-json\/wp\/v2\/types\/post"}],"author":[{"embeddable":true,"href":"https:\/\/uvp.mx\/uvpblog\/wp-json\/wp\/v2\/users\/13"}],"replies":[{"embeddable":true,"href":"https:\/\/uvp.mx\/uvpblog\/wp-json\/wp\/v2\/comments?post=11029"}],"version-history":[{"count":2,"href":"https:\/\/uvp.mx\/uvpblog\/wp-json\/wp\/v2\/posts\/11029\/revisions"}],"predecessor-version":[{"id":11032,"href":"https:\/\/uvp.mx\/uvpblog\/wp-json\/wp\/v2\/posts\/11029\/revisions\/11032"}],"wp:featuredmedia":[{"embeddable":true,"href":"https:\/\/uvp.mx\/uvpblog\/wp-json\/wp\/v2\/media\/11030"}],"wp:attachment":[{"href":"https:\/\/uvp.mx\/uvpblog\/wp-json\/wp\/v2\/media?parent=11029"}],"wp:term":[{"taxonomy":"category","embeddable":true,"href":"https:\/\/uvp.mx\/uvpblog\/wp-json\/wp\/v2\/categories?post=11029"},{"taxonomy":"post_tag","embeddable":true,"href":"https:\/\/uvp.mx\/uvpblog\/wp-json\/wp\/v2\/tags?post=11029"}],"curies":[{"name":"wp","href":"https:\/\/api.w.org\/{rel}","templated":true}]}}