{"id":10963,"date":"2026-09-02T13:54:16","date_gmt":"2026-09-02T19:54:16","guid":{"rendered":"https:\/\/uvp.mx\/uvpblog\/?p=10963"},"modified":"2026-09-02T17:05:37","modified_gmt":"2026-09-02T23:05:37","slug":"ensenanza-del-ingles-forma-parte-de-la-nueva-generacion-de-docentes","status":"publish","type":"post","link":"https:\/\/uvp.mx\/uvpblog\/ensenanza-del-ingles-forma-parte-de-la-nueva-generacion-de-docentes\/","title":{"rendered":"Ense\u00f1anza del Ingl\u00e9s: forma parte de la nueva generaci\u00f3n de docentes"},"content":{"rendered":"<h1><span style=\"color: #851bb3;\">Ense\u00f1anza del Ingl\u00e9s: forma parte de la nueva generaci\u00f3n de docentes<\/span><\/h1>\n<p class=\"isSelectedEnd\">Presentar la importancia de contar con docentes de alto nivel en la ense\u00f1anza del ingl\u00e9s, capaces de desarrollar competencias ling\u00fc\u00edsticas y comunicativas en los estudiantes.<\/p>\n<p class=\"isSelectedEnd\">Destacar que la formaci\u00f3n tambi\u00e9n contempla la creaci\u00f3n de programas de ingl\u00e9s generales y espec\u00edficos, as\u00ed como la innovaci\u00f3n y mejora de la ense\u00f1anza mediante proyectos de investigaci\u00f3n-acci\u00f3n.<\/p>\n<h2><span style=\"color: #851bb3;\">\u00bfQu\u00e9 es la Maestr\u00eda en Ense\u00f1anza del Ingl\u00e9s como Lengua Extranjera?<\/span><\/h2>\n<p class=\"isSelectedEnd\">Explicar que es un programa orientado a la formaci\u00f3n de docentes con competencias did\u00e1cticas para mejorar la ense\u00f1anza del ingl\u00e9s.<\/p>\n<p class=\"isSelectedEnd\">Destacar la importancia de las metodolog\u00edas, t\u00e9cnicas y conocimientos did\u00e1cticos para fortalecer el quehacer profesional docente.<\/p>\n<h2><span style=\"color: #851bb3;\">\u00bfPor qu\u00e9 estudiar esta maestr\u00eda?<\/span><\/h2>\n<p class=\"isSelectedEnd\">La maestr\u00eda permite desarrollar herramientas para mejorar la calidad de la ense\u00f1anza del ingl\u00e9s y responder a los retos del contexto educativo.<\/p>\n<p class=\"isSelectedEnd\">Entre sus principales enfoques se encuentran:<\/p>\n<ul data-spread=\"false\">\n<li>Desarrollo de competencias did\u00e1cticas.<\/li>\n<li>Formaci\u00f3n de competencias ling\u00fc\u00edsticas y comunicativas.<\/li>\n<li>Creaci\u00f3n de programas de ingl\u00e9s generales y espec\u00edficos.<\/li>\n<li>Innovaci\u00f3n en la ense\u00f1anza del ingl\u00e9s.<\/li>\n<li>Investigaci\u00f3n-acci\u00f3n aplicada a la educaci\u00f3n.<\/li>\n<li>Actualizaci\u00f3n e implementaci\u00f3n de t\u00e9cnicas de ense\u00f1anza.<\/li>\n<\/ul>\n<h2><span style=\"color: #851bb3;\">Perfil de ingreso<\/span><\/h2>\n<h3><span style=\"color: #851bb3;\">\u00bfQui\u00e9n puede estudiar esta maestr\u00eda?<\/span><\/h3>\n<p class=\"isSelectedEnd\">El candidato debe contar con conocimientos de bases pedag\u00f3gicas adquiridas mediante la pr\u00e1ctica o formaci\u00f3n profesional y desenvolverse en el idioma ingl\u00e9s a nivel profesional.<\/p>\n<p class=\"isSelectedEnd\">Adem\u00e1s, debe:<\/p>\n<ul data-spread=\"false\">\n<li>Tener gusto por la investigaci\u00f3n.<\/li>\n<li>Ser propositivo en el desarrollo y actualizaci\u00f3n de t\u00e9cnicas.<\/li>\n<li>Interesarse por mejorar la calidad de la ense\u00f1anza del ingl\u00e9s.<\/li>\n<li>Contar con h\u00e1bitos de autoestudio.<\/li>\n<li>Tener inter\u00e9s en desarrollarse como l\u00edder en la ense\u00f1anza de idiomas.<\/li>\n<li>Actuar con responsabilidad, honestidad y \u00e9tica.<\/li>\n<\/ul>\n<h2><span style=\"color: #851bb3;\">Perfil de egreso<\/span><\/h2>\n<h3><span style=\"color: #851bb3;\">\u00bfQu\u00e9 podr\u00e1s hacer al terminar la maestr\u00eda?<\/span><\/h3>\n<p class=\"isSelectedEnd\">El egresado ser\u00e1 un profesional enfocado en la mejora constante de su pr\u00e1ctica docente mediante los conocimientos did\u00e1cticos, metodolog\u00edas y t\u00e9cnicas estudiadas.<\/p>\n<p class=\"isSelectedEnd\">Entre sus principales capacidades se encuentran:<\/p>\n<ul data-spread=\"false\">\n<li>Desarrollar nuevas tendencias en la ense\u00f1anza del ingl\u00e9s.<\/li>\n<li>Desempe\u00f1arse como profesor-investigador.<\/li>\n<li>Afrontar los retos actuales dentro del aula.<\/li>\n<li>Innovar y renovar las pr\u00e1cticas de ense\u00f1anza.<\/li>\n<li>Tomar decisiones de acuerdo con su contexto.<\/li>\n<li>Actuar con profesionalismo, responsabilidad y \u00e9tica.<\/li>\n<li>Participar en la ense\u00f1anza-aprendizaje e investigaci\u00f3n del ingl\u00e9s como lengua extranjera.<\/li>\n<\/ul>\n<h2><span style=\"color: #851bb3;\">Innovaci\u00f3n e investigaci\u00f3n en la ense\u00f1anza del ingl\u00e9s<\/span><\/h2>\n<p class=\"isSelectedEnd\">Destacar la importancia de que los docentes se mantengan en constante cambio y busquen mejorar su pr\u00e1ctica profesional.<\/p>\n<p class=\"isSelectedEnd\">La investigaci\u00f3n, la innovaci\u00f3n y la actualizaci\u00f3n permiten desarrollar nuevas tendencias y responder a los retos que enfrenta actualmente la ense\u00f1anza del ingl\u00e9s.<\/p>\n<h2><span style=\"color: #851bb3;\">Llamado a la acci\u00f3n<\/span><\/h2>\n<p class=\"isSelectedEnd\"><span style=\"color: #851bb3;\"><strong>\u00bfQuieres fortalecer tu pr\u00e1ctica docente y mejorar la ense\u00f1anza del ingl\u00e9s?<\/strong><\/span><\/p>\n<p>Conoce la Maestr\u00eda en Ense\u00f1anza del Ingl\u00e9s como Lengua Extranjera de la UVP y desarrolla las competencias necesarias para innovar en el campo de la ense\u00f1anza y la investigaci\u00f3n.<\/p>\n<p><img decoding=\"async\" class=\"emoji\" role=\"img\" draggable=\"false\" src=\"https:\/\/s.w.org\/images\/core\/emoji\/14.0.0\/svg\/1f310.svg\" alt=\"\ud83c\udf10\" \/>\u00a0Conoce m\u00e1s en:\u00a0<span style=\"color: #851bb3;\"><a style=\"color: #851bb3;\" href=\"https:\/\/uvp.mx\/maestria-en-ensenanza-del-ingles-como-lengua-extranjera\">Oferta Acad\u00e9mica UVP<\/a><\/span><br data-start=\"2800\" data-end=\"2803\" \/><img decoding=\"async\" class=\"emoji\" role=\"img\" draggable=\"false\" src=\"https:\/\/s.w.org\/images\/core\/emoji\/14.0.0\/svg\/1f4de.svg\" alt=\"\ud83d\udcde\" \/>\u00a0Atenci\u00f3n\u00a0institucional:\u00a0<span style=\"color: #851bb3;\"><a style=\"color: #851bb3;\" href=\"https:\/\/w.app\/wri7bt\"><strong data-start=\"2830\" data-end=\"2848\">22 11 11 32 48 <\/strong><\/a><\/span><\/p>\n<p><img decoding=\"async\" loading=\"lazy\" class=\"aligncenter size-full wp-image-10964\" src=\"https:\/\/uvp.mx\/uvpblog\/wp-content\/uploads\/2026\/08\/ENSENANZA-INGLES-MTRA-P.jpg\" alt=\"\" width=\"1920\" height=\"1080\" srcset=\"https:\/\/uvp.mx\/uvpblog\/wp-content\/uploads\/2026\/08\/ENSENANZA-INGLES-MTRA-P.jpg 1920w, https:\/\/uvp.mx\/uvpblog\/wp-content\/uploads\/2026\/08\/ENSENANZA-INGLES-MTRA-P-300x169.jpg 300w, https:\/\/uvp.mx\/uvpblog\/wp-content\/uploads\/2026\/08\/ENSENANZA-INGLES-MTRA-P-1024x576.jpg 1024w, https:\/\/uvp.mx\/uvpblog\/wp-content\/uploads\/2026\/08\/ENSENANZA-INGLES-MTRA-P-768x432.jpg 768w, https:\/\/uvp.mx\/uvpblog\/wp-content\/uploads\/2026\/08\/ENSENANZA-INGLES-MTRA-P-1536x864.jpg 1536w\" sizes=\"(max-width: 1920px) 100vw, 1920px\" \/><\/p>\n","protected":false},"excerpt":{"rendered":"<p>Ense\u00f1anza del Ingl\u00e9s: forma parte de la nueva generaci\u00f3n de docentes Presentar la importancia de contar con docentes de alto nivel en la ense\u00f1anza del ingl\u00e9s, capaces de desarrollar competencias ling\u00fc\u00edsticas y comunicativas en los estudiantes. Destacar que la formaci\u00f3n tambi\u00e9n contempla la creaci\u00f3n de programas de ingl\u00e9s generales y espec\u00edficos, as\u00ed como la innovaci\u00f3n [&hellip;]<\/p>\n","protected":false},"author":2,"featured_media":10879,"comment_status":"closed","ping_status":"closed","sticky":false,"template":"","format":"standard","meta":[],"categories":[1116,1114,1021],"tags":[],"yoast_head":"<!-- This site is optimized with the Yoast SEO plugin v20.0 - https:\/\/yoast.com\/wordpress\/plugins\/seo\/ -->\n<title>Maestr\u00eda en Ense\u00f1anza del Ingl\u00e9s como Lengua Extranjera | UVP<\/title>\n<meta name=\"description\" content=\"Conoce la Maestr\u00eda en Ense\u00f1anza del Ingl\u00e9s como Lengua Extranjera y desarrolla competencias para innovar en la ense\u00f1anza.\" \/>\n<meta name=\"robots\" content=\"index, follow, max-snippet:-1, max-image-preview:large, max-video-preview:-1\" \/>\n<link rel=\"canonical\" href=\"https:\/\/uvp.mx\/uvpblog\/ensenanza-del-ingles-forma-parte-de-la-nueva-generacion-de-docentes\/\" \/>\n<meta property=\"og:locale\" content=\"es_MX\" \/>\n<meta property=\"og:type\" content=\"article\" \/>\n<meta property=\"og:title\" content=\"Maestr\u00eda en Ense\u00f1anza del Ingl\u00e9s como Lengua Extranjera | UVP\" \/>\n<meta property=\"og:description\" content=\"Conoce la Maestr\u00eda en Ense\u00f1anza del Ingl\u00e9s como Lengua Extranjera y desarrolla competencias para innovar en la ense\u00f1anza.\" \/>\n<meta property=\"og:url\" content=\"https:\/\/uvp.mx\/uvpblog\/ensenanza-del-ingles-forma-parte-de-la-nueva-generacion-de-docentes\/\" \/>\n<meta property=\"og:site_name\" content=\"Blog UVP\" \/>\n<meta property=\"article:publisher\" content=\"https:\/\/www.facebook.com\/uvp.pue\/\" \/>\n<meta property=\"article:published_time\" content=\"2026-09-02T19:54:16+00:00\" \/>\n<meta property=\"article:modified_time\" content=\"2026-09-02T23:05:37+00:00\" \/>\n<meta property=\"og:image\" content=\"https:\/\/uvp.mx\/uvpblog\/wp-content\/uploads\/2026\/08\/ChatGPT-Image-21-ago-2026-12_46_14.png\" \/>\n\t<meta property=\"og:image:width\" content=\"836\" \/>\n\t<meta property=\"og:image:height\" content=\"471\" \/>\n\t<meta property=\"og:image:type\" content=\"image\/png\" \/>\n<meta name=\"author\" content=\"Comunicaci\u00f3n y Eventos\" \/>\n<meta name=\"twitter:card\" content=\"summary_large_image\" \/>\n<meta name=\"twitter:creator\" content=\"@UVP_Puebla\" \/>\n<meta name=\"twitter:site\" content=\"@UVP_Puebla\" \/>\n<meta name=\"twitter:label1\" content=\"Escrito por\" \/>\n\t<meta name=\"twitter:data1\" content=\"Comunicaci\u00f3n y Eventos\" \/>\n\t<meta name=\"twitter:label2\" content=\"Tiempo de lectura\" \/>\n\t<meta name=\"twitter:data2\" content=\"3 minutos\" \/>\n<script type=\"application\/ld+json\" class=\"yoast-schema-graph\">{\"@context\":\"https:\/\/schema.org\",\"@graph\":[{\"@type\":\"Article\",\"@id\":\"https:\/\/uvp.mx\/uvpblog\/ensenanza-del-ingles-forma-parte-de-la-nueva-generacion-de-docentes\/#article\",\"isPartOf\":{\"@id\":\"https:\/\/uvp.mx\/uvpblog\/ensenanza-del-ingles-forma-parte-de-la-nueva-generacion-de-docentes\/\"},\"author\":{\"name\":\"Comunicaci\u00f3n y Eventos\",\"@id\":\"https:\/\/uvp.mx\/uvpblog\/#\/schema\/person\/64b3300a5c8fe46904f8fc5d66de004e\"},\"headline\":\"Ense\u00f1anza del Ingl\u00e9s: forma parte de la nueva generaci\u00f3n de docentes\",\"datePublished\":\"2026-09-02T19:54:16+00:00\",\"dateModified\":\"2026-09-02T23:05:37+00:00\",\"mainEntityOfPage\":{\"@id\":\"https:\/\/uvp.mx\/uvpblog\/ensenanza-del-ingles-forma-parte-de-la-nueva-generacion-de-docentes\/\"},\"wordCount\":560,\"publisher\":{\"@id\":\"https:\/\/uvp.mx\/uvpblog\/#organization\"},\"articleSection\":[\"Ense\u00f1anza del Ingl\u00e9s como Lengua Extranjera\",\"Maestr\u00eda\",\"Maestr\u00edas\"],\"inLanguage\":\"es-MX\"},{\"@type\":\"WebPage\",\"@id\":\"https:\/\/uvp.mx\/uvpblog\/ensenanza-del-ingles-forma-parte-de-la-nueva-generacion-de-docentes\/\",\"url\":\"https:\/\/uvp.mx\/uvpblog\/ensenanza-del-ingles-forma-parte-de-la-nueva-generacion-de-docentes\/\",\"name\":\"Maestr\u00eda en Ense\u00f1anza del Ingl\u00e9s como Lengua Extranjera | UVP\",\"isPartOf\":{\"@id\":\"https:\/\/uvp.mx\/uvpblog\/#website\"},\"datePublished\":\"2026-09-02T19:54:16+00:00\",\"dateModified\":\"2026-09-02T23:05:37+00:00\",\"description\":\"Conoce la Maestr\u00eda en Ense\u00f1anza del Ingl\u00e9s como Lengua Extranjera y desarrolla competencias para innovar en la ense\u00f1anza.\",\"breadcrumb\":{\"@id\":\"https:\/\/uvp.mx\/uvpblog\/ensenanza-del-ingles-forma-parte-de-la-nueva-generacion-de-docentes\/#breadcrumb\"},\"inLanguage\":\"es-MX\",\"potentialAction\":[{\"@type\":\"ReadAction\",\"target\":[\"https:\/\/uvp.mx\/uvpblog\/ensenanza-del-ingles-forma-parte-de-la-nueva-generacion-de-docentes\/\"]}]},{\"@type\":\"BreadcrumbList\",\"@id\":\"https:\/\/uvp.mx\/uvpblog\/ensenanza-del-ingles-forma-parte-de-la-nueva-generacion-de-docentes\/#breadcrumb\",\"itemListElement\":[{\"@type\":\"ListItem\",\"position\":1,\"name\":\"Home\",\"item\":\"https:\/\/uvp.mx\/uvpblog\/\"},{\"@type\":\"ListItem\",\"position\":2,\"name\":\"Ense\u00f1anza del Ingl\u00e9s: forma parte de la nueva generaci\u00f3n de docentes\"}]},{\"@type\":\"WebSite\",\"@id\":\"https:\/\/uvp.mx\/uvpblog\/#website\",\"url\":\"https:\/\/uvp.mx\/uvpblog\/\",\"name\":\"Blog UVP\",\"description\":\"Blog Institucional de la UVP\",\"publisher\":{\"@id\":\"https:\/\/uvp.mx\/uvpblog\/#organization\"},\"potentialAction\":[{\"@type\":\"SearchAction\",\"target\":{\"@type\":\"EntryPoint\",\"urlTemplate\":\"https:\/\/uvp.mx\/uvpblog\/?s={search_term_string}\"},\"query-input\":\"required name=search_term_string\"}],\"inLanguage\":\"es-MX\"},{\"@type\":\"Organization\",\"@id\":\"https:\/\/uvp.mx\/uvpblog\/#organization\",\"name\":\"Blog UVP\",\"url\":\"https:\/\/uvp.mx\/uvpblog\/\",\"logo\":{\"@type\":\"ImageObject\",\"inLanguage\":\"es-MX\",\"@id\":\"https:\/\/uvp.mx\/uvpblog\/#\/schema\/logo\/image\/\",\"url\":\"https:\/\/uvp.mx\/uvpblog\/wp-content\/uploads\/2019\/06\/fondo.jpg\",\"contentUrl\":\"https:\/\/uvp.mx\/uvpblog\/wp-content\/uploads\/2019\/06\/fondo.jpg\",\"width\":1366,\"height\":745,\"caption\":\"Blog UVP\"},\"image\":{\"@id\":\"https:\/\/uvp.mx\/uvpblog\/#\/schema\/logo\/image\/\"},\"sameAs\":[\"https:\/\/www.instagram.com\/uvp_puebla\/\",\"https:\/\/www.youtube.com\/WEBUVP\",\"https:\/\/es.wikipedia.org\/wiki\/Universidad_del_Valle_de_Puebla\",\"https:\/\/www.facebook.com\/uvp.pue\/\",\"https:\/\/twitter.com\/UVP_Puebla\"]},{\"@type\":\"Person\",\"@id\":\"https:\/\/uvp.mx\/uvpblog\/#\/schema\/person\/64b3300a5c8fe46904f8fc5d66de004e\",\"name\":\"Comunicaci\u00f3n y Eventos\",\"image\":{\"@type\":\"ImageObject\",\"inLanguage\":\"es-MX\",\"@id\":\"https:\/\/uvp.mx\/uvpblog\/#\/schema\/person\/image\/\",\"url\":\"https:\/\/secure.gravatar.com\/avatar\/9ca79c4982f0b02fbeb7bc7a34790b11?s=96&d=mm&r=g\",\"contentUrl\":\"https:\/\/secure.gravatar.com\/avatar\/9ca79c4982f0b02fbeb7bc7a34790b11?s=96&d=mm&r=g\",\"caption\":\"Comunicaci\u00f3n y Eventos\"}}]}<\/script>\n<!-- \/ Yoast SEO plugin. -->","yoast_head_json":{"title":"Maestr\u00eda en Ense\u00f1anza del Ingl\u00e9s como Lengua Extranjera | UVP","description":"Conoce la Maestr\u00eda en Ense\u00f1anza del Ingl\u00e9s como Lengua Extranjera y desarrolla competencias para innovar en la ense\u00f1anza.","robots":{"index":"index","follow":"follow","max-snippet":"max-snippet:-1","max-image-preview":"max-image-preview:large","max-video-preview":"max-video-preview:-1"},"canonical":"https:\/\/uvp.mx\/uvpblog\/ensenanza-del-ingles-forma-parte-de-la-nueva-generacion-de-docentes\/","og_locale":"es_MX","og_type":"article","og_title":"Maestr\u00eda en Ense\u00f1anza del Ingl\u00e9s como Lengua Extranjera | UVP","og_description":"Conoce la Maestr\u00eda en Ense\u00f1anza del Ingl\u00e9s como Lengua Extranjera y desarrolla competencias para innovar en la ense\u00f1anza.","og_url":"https:\/\/uvp.mx\/uvpblog\/ensenanza-del-ingles-forma-parte-de-la-nueva-generacion-de-docentes\/","og_site_name":"Blog UVP","article_publisher":"https:\/\/www.facebook.com\/uvp.pue\/","article_published_time":"2026-09-02T19:54:16+00:00","article_modified_time":"2026-09-02T23:05:37+00:00","og_image":[{"width":836,"height":471,"url":"https:\/\/uvp.mx\/uvpblog\/wp-content\/uploads\/2026\/08\/ChatGPT-Image-21-ago-2026-12_46_14.png","type":"image\/png"}],"author":"Comunicaci\u00f3n y Eventos","twitter_card":"summary_large_image","twitter_creator":"@UVP_Puebla","twitter_site":"@UVP_Puebla","twitter_misc":{"Escrito por":"Comunicaci\u00f3n y Eventos","Tiempo de lectura":"3 minutos"},"schema":{"@context":"https:\/\/schema.org","@graph":[{"@type":"Article","@id":"https:\/\/uvp.mx\/uvpblog\/ensenanza-del-ingles-forma-parte-de-la-nueva-generacion-de-docentes\/#article","isPartOf":{"@id":"https:\/\/uvp.mx\/uvpblog\/ensenanza-del-ingles-forma-parte-de-la-nueva-generacion-de-docentes\/"},"author":{"name":"Comunicaci\u00f3n y Eventos","@id":"https:\/\/uvp.mx\/uvpblog\/#\/schema\/person\/64b3300a5c8fe46904f8fc5d66de004e"},"headline":"Ense\u00f1anza del Ingl\u00e9s: forma parte de la nueva generaci\u00f3n de docentes","datePublished":"2026-09-02T19:54:16+00:00","dateModified":"2026-09-02T23:05:37+00:00","mainEntityOfPage":{"@id":"https:\/\/uvp.mx\/uvpblog\/ensenanza-del-ingles-forma-parte-de-la-nueva-generacion-de-docentes\/"},"wordCount":560,"publisher":{"@id":"https:\/\/uvp.mx\/uvpblog\/#organization"},"articleSection":["Ense\u00f1anza del Ingl\u00e9s como Lengua Extranjera","Maestr\u00eda","Maestr\u00edas"],"inLanguage":"es-MX"},{"@type":"WebPage","@id":"https:\/\/uvp.mx\/uvpblog\/ensenanza-del-ingles-forma-parte-de-la-nueva-generacion-de-docentes\/","url":"https:\/\/uvp.mx\/uvpblog\/ensenanza-del-ingles-forma-parte-de-la-nueva-generacion-de-docentes\/","name":"Maestr\u00eda en Ense\u00f1anza del Ingl\u00e9s como Lengua Extranjera | UVP","isPartOf":{"@id":"https:\/\/uvp.mx\/uvpblog\/#website"},"datePublished":"2026-09-02T19:54:16+00:00","dateModified":"2026-09-02T23:05:37+00:00","description":"Conoce la Maestr\u00eda en Ense\u00f1anza del Ingl\u00e9s como Lengua Extranjera y desarrolla competencias para innovar en la ense\u00f1anza.","breadcrumb":{"@id":"https:\/\/uvp.mx\/uvpblog\/ensenanza-del-ingles-forma-parte-de-la-nueva-generacion-de-docentes\/#breadcrumb"},"inLanguage":"es-MX","potentialAction":[{"@type":"ReadAction","target":["https:\/\/uvp.mx\/uvpblog\/ensenanza-del-ingles-forma-parte-de-la-nueva-generacion-de-docentes\/"]}]},{"@type":"BreadcrumbList","@id":"https:\/\/uvp.mx\/uvpblog\/ensenanza-del-ingles-forma-parte-de-la-nueva-generacion-de-docentes\/#breadcrumb","itemListElement":[{"@type":"ListItem","position":1,"name":"Home","item":"https:\/\/uvp.mx\/uvpblog\/"},{"@type":"ListItem","position":2,"name":"Ense\u00f1anza del Ingl\u00e9s: forma parte de la nueva generaci\u00f3n de docentes"}]},{"@type":"WebSite","@id":"https:\/\/uvp.mx\/uvpblog\/#website","url":"https:\/\/uvp.mx\/uvpblog\/","name":"Blog UVP","description":"Blog Institucional de la UVP","publisher":{"@id":"https:\/\/uvp.mx\/uvpblog\/#organization"},"potentialAction":[{"@type":"SearchAction","target":{"@type":"EntryPoint","urlTemplate":"https:\/\/uvp.mx\/uvpblog\/?s={search_term_string}"},"query-input":"required name=search_term_string"}],"inLanguage":"es-MX"},{"@type":"Organization","@id":"https:\/\/uvp.mx\/uvpblog\/#organization","name":"Blog UVP","url":"https:\/\/uvp.mx\/uvpblog\/","logo":{"@type":"ImageObject","inLanguage":"es-MX","@id":"https:\/\/uvp.mx\/uvpblog\/#\/schema\/logo\/image\/","url":"https:\/\/uvp.mx\/uvpblog\/wp-content\/uploads\/2019\/06\/fondo.jpg","contentUrl":"https:\/\/uvp.mx\/uvpblog\/wp-content\/uploads\/2019\/06\/fondo.jpg","width":1366,"height":745,"caption":"Blog UVP"},"image":{"@id":"https:\/\/uvp.mx\/uvpblog\/#\/schema\/logo\/image\/"},"sameAs":["https:\/\/www.instagram.com\/uvp_puebla\/","https:\/\/www.youtube.com\/WEBUVP","https:\/\/es.wikipedia.org\/wiki\/Universidad_del_Valle_de_Puebla","https:\/\/www.facebook.com\/uvp.pue\/","https:\/\/twitter.com\/UVP_Puebla"]},{"@type":"Person","@id":"https:\/\/uvp.mx\/uvpblog\/#\/schema\/person\/64b3300a5c8fe46904f8fc5d66de004e","name":"Comunicaci\u00f3n y Eventos","image":{"@type":"ImageObject","inLanguage":"es-MX","@id":"https:\/\/uvp.mx\/uvpblog\/#\/schema\/person\/image\/","url":"https:\/\/secure.gravatar.com\/avatar\/9ca79c4982f0b02fbeb7bc7a34790b11?s=96&d=mm&r=g","contentUrl":"https:\/\/secure.gravatar.com\/avatar\/9ca79c4982f0b02fbeb7bc7a34790b11?s=96&d=mm&r=g","caption":"Comunicaci\u00f3n y Eventos"}}]}},"_links":{"self":[{"href":"https:\/\/uvp.mx\/uvpblog\/wp-json\/wp\/v2\/posts\/10963"}],"collection":[{"href":"https:\/\/uvp.mx\/uvpblog\/wp-json\/wp\/v2\/posts"}],"about":[{"href":"https:\/\/uvp.mx\/uvpblog\/wp-json\/wp\/v2\/types\/post"}],"author":[{"embeddable":true,"href":"https:\/\/uvp.mx\/uvpblog\/wp-json\/wp\/v2\/users\/2"}],"replies":[{"embeddable":true,"href":"https:\/\/uvp.mx\/uvpblog\/wp-json\/wp\/v2\/comments?post=10963"}],"version-history":[{"count":1,"href":"https:\/\/uvp.mx\/uvpblog\/wp-json\/wp\/v2\/posts\/10963\/revisions"}],"predecessor-version":[{"id":10965,"href":"https:\/\/uvp.mx\/uvpblog\/wp-json\/wp\/v2\/posts\/10963\/revisions\/10965"}],"wp:featuredmedia":[{"embeddable":true,"href":"https:\/\/uvp.mx\/uvpblog\/wp-json\/wp\/v2\/media\/10879"}],"wp:attachment":[{"href":"https:\/\/uvp.mx\/uvpblog\/wp-json\/wp\/v2\/media?parent=10963"}],"wp:term":[{"taxonomy":"category","embeddable":true,"href":"https:\/\/uvp.mx\/uvpblog\/wp-json\/wp\/v2\/categories?post=10963"},{"taxonomy":"post_tag","embeddable":true,"href":"https:\/\/uvp.mx\/uvpblog\/wp-json\/wp\/v2\/tags?post=10963"}],"curies":[{"name":"wp","href":"https:\/\/api.w.org\/{rel}","templated":true}]}}